{"id":211,"date":"2025-10-07T22:58:38","date_gmt":"2025-10-07T22:58:38","guid":{"rendered":"https:\/\/alturarealty.org\/?p=211"},"modified":"2025-12-11T08:52:19","modified_gmt":"2025-12-11T13:52:19","slug":"salento-y-el-valle-del-cocora-el-pais-de-las-maravillas-del-cafe-en-colombia","status":"publish","type":"post","link":"https:\/\/alturarealty.org\/en\/salento-y-el-valle-del-cocora-el-pais-de-las-maravillas-del-cafe-en-colombia\/","title":{"rendered":"Salento and the Cocora Valley \u2013 Colombia\u2019s Coffee Wonderland"},"content":{"rendered":"<p>Salento es uno de los pueblos m\u00e1s pintorescos de Colombia, un lugar donde cada casa cuenta una historia a trav\u00e9s de sus vibrantes colores y sus balcones de madera artesanales. A solo unos kil\u00f3metros se encuentra el Valle del Cocora, un para\u00edso natural conocido por la palma de cera, el \u00e1rbol nacional de Colombia, que puede alcanzar alturas de m\u00e1s de 60 metros.<\/p>\n\n\n\n<p>Visitors can hike through cloud forests, ride horses along scenic trails, or simply enjoy a coffee while admiring the breathtaking scenery.<\/p>\n\n\n\n<p>The area attracts travelers year-round, drawn by its combination of natural beauty, colonial architecture, and warm hospitality.<\/p>\n\n\n\n<p><strong>Cultural Highlights:<\/strong><\/p>\n\n\n\n<ul class=\"wp-block-list\">\n<li>The colorful\u00a0<strong>Calle Real<\/strong>filled with artisanal shops and traditional coffee houses.<\/li>\n\n\n\n<li>The\u00a0<strong>Parque Nacional Natural Los Nevados<\/strong>accessible through the Cocora Valley.<\/li>\n\n\n\n<li>Local coffee farms offering\u00a0<strong>guided tours<\/strong>\u00a0of the coffee-making process.<\/li>\n<\/ul>\n\n\n\n<p><\/p>","protected":false},"excerpt":{"rendered":"<p>Salento es uno de los pueblos m\u00e1s pintorescos de Colombia, un lugar donde cada casa cuenta una historia a trav\u00e9s de sus vibrantes colores y sus balcones de madera artesanales. A solo unos kil\u00f3metros se encuentra el Valle del Cocora, un para\u00edso natural conocido por la palma de cera, el \u00e1rbol nacional de Colombia, que [&hellip;]<\/p>\n","protected":false},"author":1,"featured_media":212,"comment_status":"closed","ping_status":"closed","sticky":false,"template":"","format":"standard","meta":{"_monsterinsights_skip_tracking":false,"_monsterinsights_sitenote_active":false,"_monsterinsights_sitenote_note":"","_monsterinsights_sitenote_category":0,"footnotes":""},"categories":[1],"tags":[],"class_list":["post-211","post","type-post","status-publish","format-standard","has-post-thumbnail","hentry","category-uncategorized"],"aioseo_notices":[],"_links":{"self":[{"href":"https:\/\/alturarealty.org\/en\/wp-json\/wp\/v2\/posts\/211","targetHints":{"allow":["GET"]}}],"collection":[{"href":"https:\/\/alturarealty.org\/en\/wp-json\/wp\/v2\/posts"}],"about":[{"href":"https:\/\/alturarealty.org\/en\/wp-json\/wp\/v2\/types\/post"}],"author":[{"embeddable":true,"href":"https:\/\/alturarealty.org\/en\/wp-json\/wp\/v2\/users\/1"}],"replies":[{"embeddable":true,"href":"https:\/\/alturarealty.org\/en\/wp-json\/wp\/v2\/comments?post=211"}],"version-history":[{"count":2,"href":"https:\/\/alturarealty.org\/en\/wp-json\/wp\/v2\/posts\/211\/revisions"}],"predecessor-version":[{"id":1168,"href":"https:\/\/alturarealty.org\/en\/wp-json\/wp\/v2\/posts\/211\/revisions\/1168"}],"wp:featuredmedia":[{"embeddable":true,"href":"https:\/\/alturarealty.org\/en\/wp-json\/wp\/v2\/media\/212"}],"wp:attachment":[{"href":"https:\/\/alturarealty.org\/en\/wp-json\/wp\/v2\/media?parent=211"}],"wp:term":[{"taxonomy":"category","embeddable":true,"href":"https:\/\/alturarealty.org\/en\/wp-json\/wp\/v2\/categories?post=211"},{"taxonomy":"post_tag","embeddable":true,"href":"https:\/\/alturarealty.org\/en\/wp-json\/wp\/v2\/tags?post=211"}],"curies":[{"name":"wp","href":"https:\/\/api.w.org\/{rel}","templated":true}]}}